{"id":50,"date":"2019-03-23T14:18:42","date_gmt":"2019-03-23T14:18:42","guid":{"rendered":"http:\/\/materialistischedialektik.blogsport.eu\/?p=50"},"modified":"2021-06-07T16:34:05","modified_gmt":"2021-06-07T16:34:05","slug":"vortrag-zur-dialektik-im-marxschen-kapital","status":"publish","type":"post","link":"http:\/\/www.materialistische-dialektik.net\/?p=50","title":{"rendered":"Vortrag zur Dialektik im Marxschen &#8222;Kapital&#8220;"},"content":{"rendered":"<p>Gemeinsam mit der Helle Panke veranstalten wir einen Vortrag von Eva Bockenheimer \u00fcber materialistische Dialektik:<\/p>\n<div class=\"Date\">Donnerstag, 6. Juni 2019, 19:00 Uhr<\/div>\n<div class=\"Date\">Kopenhagener Str. 9, Berlin<\/div>\n<div><\/div>\n<p><strong>Einf\u00fchrung in die Dialektik in Marx&#8216; &#8222;Kapital&#8220;<\/strong><br \/>\nZur politischen Aktualit\u00e4t materialistischer Dialektik im 21. Jahrhundert<\/p>\n<p>Dass Marx die Hegelsche Dialektik vom Kopf auf die F\u00fc\u00dfe stellen wollte, ist allgemein bekannt. H\u00f6chst umstritten ist dagegen, was das eigentlich hei\u00dfen soll. Vertritt Marx eine materialistische Dialektik im Gegensatz zur idealistischen Dialektik Hegels? Oder verabschiedet er sich in Wahrheit vom dialektischen Denken und versteht unter Dialektik lediglich eine Darstellungsmethode? Hatte Lenin recht, wenn er behauptete, man k\u00f6nne insbesondere das 1. Kapitel des \u201eKapital\u201c von Marx gar nicht begreifen ohne Kenntnis der ganzen \u201eWissenschaft der Logik\u201c von Hegel? W\u00e4re das nicht extrem entmutigend f\u00fcr alle, sich an die Marxschen Texte zu wagen? Mit diesen Fragen m\u00f6chten wir uns auseinandersetzen \u2013 und dabei auch diskutieren, inwiefern die Frage nach der Dialektik eigentlich f\u00fcr eine marxistische Perspektive auf die Gegenwart von Bedeutung ist.<\/p>\n<p>Anhand zentraler Textstellen aus dem Kapital wird Eva Bockenheimer die Relevanz der Dialektik f\u00fcr den Marxschen Materialismus darstellen und dabei einige Thesen zur dialektischen Entwicklung der kapitalistischen Produktionsweise in der Gegenwart vortragen. Anschlie\u00dfend gibt es eine kurze Replik des &#8222;Arbeitskreises materialistische Dialektik&#8220;, der die Veranstaltung mitorganisiert hat.<\/p>\n","protected":false},"excerpt":{"rendered":"<p>Gemeinsam mit der Helle Panke veranstalten wir einen Vortrag von Eva Bockenheimer \u00fcber materialistische Dialektik: Donnerstag, 6. Juni 2019, 19:00 Uhr Kopenhagener Str. 9, Berlin Einf\u00fchrung in die Dialektik in [&hellip;]<\/p>\n","protected":false},"author":1,"featured_media":0,"comment_status":"closed","ping_status":"open","sticky":false,"template":"","format":"standard","meta":{"footnotes":""},"categories":[2],"tags":[],"class_list":["post-50","post","type-post","status-publish","format-standard","hentry","category-allgemein"],"_links":{"self":[{"href":"http:\/\/www.materialistische-dialektik.net\/index.php?rest_route=\/wp\/v2\/posts\/50","targetHints":{"allow":["GET"]}}],"collection":[{"href":"http:\/\/www.materialistische-dialektik.net\/index.php?rest_route=\/wp\/v2\/posts"}],"about":[{"href":"http:\/\/www.materialistische-dialektik.net\/index.php?rest_route=\/wp\/v2\/types\/post"}],"author":[{"embeddable":true,"href":"http:\/\/www.materialistische-dialektik.net\/index.php?rest_route=\/wp\/v2\/users\/1"}],"replies":[{"embeddable":true,"href":"http:\/\/www.materialistische-dialektik.net\/index.php?rest_route=%2Fwp%2Fv2%2Fcomments&post=50"}],"version-history":[{"count":1,"href":"http:\/\/www.materialistische-dialektik.net\/index.php?rest_route=\/wp\/v2\/posts\/50\/revisions"}],"predecessor-version":[{"id":180,"href":"http:\/\/www.materialistische-dialektik.net\/index.php?rest_route=\/wp\/v2\/posts\/50\/revisions\/180"}],"wp:attachment":[{"href":"http:\/\/www.materialistische-dialektik.net\/index.php?rest_route=%2Fwp%2Fv2%2Fmedia&parent=50"}],"wp:term":[{"taxonomy":"category","embeddable":true,"href":"http:\/\/www.materialistische-dialektik.net\/index.php?rest_route=%2Fwp%2Fv2%2Fcategories&post=50"},{"taxonomy":"post_tag","embeddable":true,"href":"http:\/\/www.materialistische-dialektik.net\/index.php?rest_route=%2Fwp%2Fv2%2Ftags&post=50"}],"curies":[{"name":"wp","href":"https:\/\/api.w.org\/{rel}","templated":true}]}}