{"id":278,"date":"2025-09-10T15:05:28","date_gmt":"2025-09-10T15:05:28","guid":{"rendered":"http:\/\/www.materialistische-dialektik.net\/?p=278"},"modified":"2025-09-11T11:23:48","modified_gmt":"2025-09-11T11:23:48","slug":"hegel-und-die-revolution","status":"publish","type":"post","link":"http:\/\/www.materialistische-dialektik.net\/?p=278","title":{"rendered":"Hegel und die Revolution"},"content":{"rendered":"\n<p>Auf dem Philosophieblog Praefaktisch ist der Essay <a href=\"https:\/\/praefaktisch.de\/hegel\/hegel-und-die-revolution\">\u201eHegel und die Revolution\u201c<\/a> von Emanuel Kapfinger erschienen. von ist gerade auf dem Philosophieblog praefaktisch erschienen. <\/p>\n\n\n\n<p>Der Essay stellt Hegels revolution\u00e4res Engagement 1789ff und seine Verarbeitung des Revolutionsverlaufs dar. Davon ausgehend entwickelt er die These, dass es das Scheitern der Revolution war, das Hegel dazu veranlasste, von der Politik zur Philosophie \u00fcberzuwechseln: Als Philosoph sei Hegel zwar Revolution\u00e4r geblieben \u2013 aber gerade das habe ihn zu seinem System gef\u00fchrt, das die modernen Herrschaftsverh\u00e4ltnisse affirmierte. Dieser Widerspruch zwischen radikaler Kritik und Glorifizierung der Moderne, der zuerst von Marx herausgearbeitet worden sei, sei zentral f\u00fcr das Verst\u00e4ndnis von Hegels Philosophie sowie f\u00fcr die Ankn\u00fcpfung an sie, zum Beispiel in feministischen und antirassistischen Diskussionen. Aus diesem Widerspruch wird schlie\u00dflich auch der bis heute fortwirkende Streit zwischen Links- und Rechtshegelianismus erkl\u00e4rt.<\/p>\n","protected":false},"excerpt":{"rendered":"<p>Auf dem Philosophieblog Praefaktisch ist der Essay \u201eHegel und die Revolution\u201c von Emanuel Kapfinger erschienen. von ist gerade auf dem Philosophieblog praefaktisch erschienen. Der Essay stellt Hegels revolution\u00e4res Engagement 1789ff [&hellip;]<\/p>\n","protected":false},"author":1,"featured_media":279,"comment_status":"open","ping_status":"open","sticky":false,"template":"","format":"standard","meta":{"footnotes":""},"categories":[2],"tags":[],"class_list":["post-278","post","type-post","status-publish","format-standard","has-post-thumbnail","hentry","category-allgemein"],"_links":{"self":[{"href":"http:\/\/www.materialistische-dialektik.net\/index.php?rest_route=\/wp\/v2\/posts\/278","targetHints":{"allow":["GET"]}}],"collection":[{"href":"http:\/\/www.materialistische-dialektik.net\/index.php?rest_route=\/wp\/v2\/posts"}],"about":[{"href":"http:\/\/www.materialistische-dialektik.net\/index.php?rest_route=\/wp\/v2\/types\/post"}],"author":[{"embeddable":true,"href":"http:\/\/www.materialistische-dialektik.net\/index.php?rest_route=\/wp\/v2\/users\/1"}],"replies":[{"embeddable":true,"href":"http:\/\/www.materialistische-dialektik.net\/index.php?rest_route=%2Fwp%2Fv2%2Fcomments&post=278"}],"version-history":[{"count":4,"href":"http:\/\/www.materialistische-dialektik.net\/index.php?rest_route=\/wp\/v2\/posts\/278\/revisions"}],"predecessor-version":[{"id":284,"href":"http:\/\/www.materialistische-dialektik.net\/index.php?rest_route=\/wp\/v2\/posts\/278\/revisions\/284"}],"wp:featuredmedia":[{"embeddable":true,"href":"http:\/\/www.materialistische-dialektik.net\/index.php?rest_route=\/wp\/v2\/media\/279"}],"wp:attachment":[{"href":"http:\/\/www.materialistische-dialektik.net\/index.php?rest_route=%2Fwp%2Fv2%2Fmedia&parent=278"}],"wp:term":[{"taxonomy":"category","embeddable":true,"href":"http:\/\/www.materialistische-dialektik.net\/index.php?rest_route=%2Fwp%2Fv2%2Fcategories&post=278"},{"taxonomy":"post_tag","embeddable":true,"href":"http:\/\/www.materialistische-dialektik.net\/index.php?rest_route=%2Fwp%2Fv2%2Ftags&post=278"}],"curies":[{"name":"wp","href":"https:\/\/api.w.org\/{rel}","templated":true}]}}