{"id":265,"date":"2025-03-31T11:34:05","date_gmt":"2025-03-31T11:34:05","guid":{"rendered":"http:\/\/www.materialistische-dialektik.net\/?p=265"},"modified":"2025-03-31T11:34:05","modified_gmt":"2025-03-31T11:34:05","slug":"seminar-einfuehrung-in-die-dialektik","status":"publish","type":"post","link":"http:\/\/www.materialistische-dialektik.net\/?p=265","title":{"rendered":"Seminar Einf\u00fchrung in die Dialektik"},"content":{"rendered":"\n<p>Ein Tagesseminar von Franz Heilgendorff in drei Bl\u00f6cken zur Einf\u00fchrung in dialektisches Denken: Hegel, Marx und Adorno in der Helle Panke (Rosa-Luxemburg-Stiftung Berlin), beginnend am 3. Mai 2025. <\/p>\n\n\n\n<p><em>Dialektisch Denken <\/em>hei\u00dft, die Wirklichkeit unter dem Aspekt ihrer Ver\u00e4nderbarkeit begreifen. Dazu erarbeiten wir uns mit Hegel, was es hei\u00dft, die Wirklichkeit zu begreifen. Mit Marx, dass Wirklichkeit zwar gedanklich angeeignet wird, aber dass das, was gedacht wird, Ausdruck gesellschaftlicher Praxis ist&nbsp; &#8211; mithin ver\u00e4nderbar ist. Und hieran schlie\u00dfen Adornos \u00dcberlegungen zur Dialektik an, in denen Gesellschafts- und Erkenntniskritik ineinander \u00fcbergehen und sich bedingen.<\/p>\n\n\n\n<p>Das Seminar ist eine Einf\u00fchrung und richtet sich an alle, die an einer ersten Orientierung zur <em>Frage der Dialektik <\/em>interessiert sind. <a href=\"https:\/\/www.helle-panke.de\/de\/topic\/3.termine.html?id=3845\" target=\"_blank\" rel=\"noreferrer noopener\">Weitere Informationen und Anmeldung<\/a>.<\/p>\n\n\n\n<p>Referent: <strong>Dr. Franz Heilgendorff<\/strong>, ist gegenw\u00e4rtig als PostDoc am Institut f\u00fcr Soziologie der TU Dresden mit dem \u00dcbergang von der Philosophie in das Studium der wirklichen Welt besch\u00e4ftigt. 2023 erschien sein Buch <a href=\"https:\/\/dietzberlin.de\/produkt\/kategoriale-kritik\/\">Kategoriale Kritik. Zur Bedeutung von Kategorie und Begriff in der dialektischen Methode bei Marx<\/a> beim Karl Dietz Verlag.<\/p>\n","protected":false},"excerpt":{"rendered":"<p>Ein Tagesseminar von Franz Heilgendorff in drei Bl\u00f6cken zur Einf\u00fchrung in dialektisches Denken: Hegel, Marx und Adorno in der Helle Panke (Rosa-Luxemburg-Stiftung Berlin), beginnend am 3. Mai 2025. Dialektisch Denken [&hellip;]<\/p>\n","protected":false},"author":1,"featured_media":0,"comment_status":"open","ping_status":"open","sticky":false,"template":"","format":"standard","meta":{"footnotes":""},"categories":[2],"tags":[],"class_list":["post-265","post","type-post","status-publish","format-standard","hentry","category-allgemein"],"_links":{"self":[{"href":"http:\/\/www.materialistische-dialektik.net\/index.php?rest_route=\/wp\/v2\/posts\/265","targetHints":{"allow":["GET"]}}],"collection":[{"href":"http:\/\/www.materialistische-dialektik.net\/index.php?rest_route=\/wp\/v2\/posts"}],"about":[{"href":"http:\/\/www.materialistische-dialektik.net\/index.php?rest_route=\/wp\/v2\/types\/post"}],"author":[{"embeddable":true,"href":"http:\/\/www.materialistische-dialektik.net\/index.php?rest_route=\/wp\/v2\/users\/1"}],"replies":[{"embeddable":true,"href":"http:\/\/www.materialistische-dialektik.net\/index.php?rest_route=%2Fwp%2Fv2%2Fcomments&post=265"}],"version-history":[{"count":1,"href":"http:\/\/www.materialistische-dialektik.net\/index.php?rest_route=\/wp\/v2\/posts\/265\/revisions"}],"predecessor-version":[{"id":266,"href":"http:\/\/www.materialistische-dialektik.net\/index.php?rest_route=\/wp\/v2\/posts\/265\/revisions\/266"}],"wp:attachment":[{"href":"http:\/\/www.materialistische-dialektik.net\/index.php?rest_route=%2Fwp%2Fv2%2Fmedia&parent=265"}],"wp:term":[{"taxonomy":"category","embeddable":true,"href":"http:\/\/www.materialistische-dialektik.net\/index.php?rest_route=%2Fwp%2Fv2%2Fcategories&post=265"},{"taxonomy":"post_tag","embeddable":true,"href":"http:\/\/www.materialistische-dialektik.net\/index.php?rest_route=%2Fwp%2Fv2%2Ftags&post=265"}],"curies":[{"name":"wp","href":"https:\/\/api.w.org\/{rel}","templated":true}]}}